{"id":167,"date":"2017-07-01T14:37:00","date_gmt":"2017-07-01T12:37:00","guid":{"rendered":"https:\/\/fabe.local\/?p=167"},"modified":"2023-11-15T14:47:32","modified_gmt":"2023-11-15T13:47:32","slug":"cuscini-ecologici-per-bambini-e-neonati","status":"publish","type":"post","link":"https:\/\/fabe.it\/en\/2017\/cuscini-ecologici-per-bambini-e-neonati\/","title":{"rendered":"Cuscini ecologici per bambini e neonati"},"content":{"rendered":"\n<h4 class=\"wp-block-heading\">Sempre pi\u00f9 spesso si sente parlare di prodotti biologici o ecologici, sia da mangiare che da indossare o utilizzare.<\/h4>\n\n\n\n<div style=\"height:40px\" aria-hidden=\"true\" class=\"wp-block-spacer\"><\/div>\n\n\n\n<p>Io sono d\u2019accordo all\u2019uso di questi prodotti, perch\u00e9 un giorno questo pianeta rimarr\u00e0 a noi bambini, e bisogna cercare di preservarlo il pi\u00f9 possibile: pensare all\u2019ambiente \u00e8 pensare al futuro!<\/p>\n\n\n\n<p>Oggi vi voglio parlare di un prodotto con cui passiamo ben un terzo della nostra giornata: il cuscino. Ma esistono cuscini e cuscini! La mia famiglia usa i\u00a0cuscini Fabe, che ha introdotto l\u2019utilizzo di un\u2019imbottitura in poliestere parzialmente riciclato: ricavato da PET dalle bottiglie di plastica.<\/p>\n\n\n\n<p>Un mondo fondato sull\u2019equilibrio tra l\u2019uomo e la natura \u00e8 un mondo pi\u00f9 bello in cui vivere. Per questo prendiamo i nostri cuscini da un\u2019azienda che utilizza procedure e processi produttivi con un basso impatto ambientale.<\/p>\n\n\n\n<p>So che alcune mamme potrebbero avere dei subbi nell\u2019utilizzare cuscini con imbottitura parzialmente riciclata per i loro bambini e beb\u00e8, ma non c\u2019\u00e8 d\u2019aver paura! Tutti i prodotti Fabe hanno il marchio internazionale OEKO-TEX\u00ae Classe I, che certifica l\u2019assenza di sostanze tossiche e la conformit\u00e0 all\u2019utilizzo anche da parte di bambini piccoli e beb\u00e8.<\/p>\n\n\n\n<p>Quindi per chi vuol fare del bene all\u2019ambiente facendo dormire sonni tranquilli (e comodi!) al proprio bambino: ecco i cuscini che usiamo noi!<\/p>\n","protected":false},"excerpt":{"rendered":"<p>Sempre pi\u00f9 spesso si sente parlare di prodotti biologici o ecologici, sia da mangiare che da indossare o&#8230;<\/p>\n","protected":false},"author":2,"featured_media":133,"comment_status":"closed","ping_status":"closed","sticky":false,"template":"","format":"standard","meta":{"_acf_changed":false,"footnotes":""},"categories":[24],"tags":[],"class_list":["post-167","post","type-post","status-publish","format-standard","has-post-thumbnail","hentry","category-mamma-e-bambini"],"acf":[],"_links":{"self":[{"href":"https:\/\/fabe.it\/en\/wp-json\/wp\/v2\/posts\/167","targetHints":{"allow":["GET"]}}],"collection":[{"href":"https:\/\/fabe.it\/en\/wp-json\/wp\/v2\/posts"}],"about":[{"href":"https:\/\/fabe.it\/en\/wp-json\/wp\/v2\/types\/post"}],"author":[{"embeddable":true,"href":"https:\/\/fabe.it\/en\/wp-json\/wp\/v2\/users\/2"}],"replies":[{"embeddable":true,"href":"https:\/\/fabe.it\/en\/wp-json\/wp\/v2\/comments?post=167"}],"version-history":[{"count":1,"href":"https:\/\/fabe.it\/en\/wp-json\/wp\/v2\/posts\/167\/revisions"}],"predecessor-version":[{"id":186,"href":"https:\/\/fabe.it\/en\/wp-json\/wp\/v2\/posts\/167\/revisions\/186"}],"wp:featuredmedia":[{"embeddable":true,"href":"https:\/\/fabe.it\/en\/wp-json\/wp\/v2\/media\/133"}],"wp:attachment":[{"href":"https:\/\/fabe.it\/en\/wp-json\/wp\/v2\/media?parent=167"}],"wp:term":[{"taxonomy":"category","embeddable":true,"href":"https:\/\/fabe.it\/en\/wp-json\/wp\/v2\/categories?post=167"},{"taxonomy":"post_tag","embeddable":true,"href":"https:\/\/fabe.it\/en\/wp-json\/wp\/v2\/tags?post=167"}],"curies":[{"name":"wp","href":"https:\/\/api.w.org\/{rel}","templated":true}]}}